{"id":8548,"date":"2020-03-01T21:00:40","date_gmt":"2020-03-01T21:00:40","guid":{"rendered":"https:\/\/bcn.cv\/pt_PT\/?p=8548"},"modified":"2020-10-16T14:09:25","modified_gmt":"2020-10-16T15:09:25","slug":"covid-19-l-bcn-adopta-novo-horario-de-atendimento-nas-agencias","status":"publish","type":"post","link":"https:\/\/bcn.cv\/pt_PT\/covid-19-l-bcn-adopta-novo-horario-de-atendimento-nas-agencias\/","title":{"rendered":"COVID-19 l BCN adopta novo hor\u00e1rio de atendimento nas ag\u00eancias"},"content":{"rendered":"\n<div class=\"wp-block-image\"><figure class=\"aligncenter size-large is-resized\"><img loading=\"lazy\" src=\"https:\/\/bcn.cv\/pt_PT\/wp-content\/uploads\/2020\/06\/aviso1.jpg\" alt=\"\" class=\"wp-image-8549\" width=\"414\" height=\"414\" srcset=\"https:\/\/bcn.cv\/pt_PT\/wp-content\/uploads\/2020\/06\/aviso1.jpg 800w, https:\/\/bcn.cv\/pt_PT\/wp-content\/uploads\/2020\/06\/aviso1-300x300.jpg 300w, https:\/\/bcn.cv\/pt_PT\/wp-content\/uploads\/2020\/06\/aviso1-150x150.jpg 150w, https:\/\/bcn.cv\/pt_PT\/wp-content\/uploads\/2020\/06\/aviso1-768x768.jpg 768w, https:\/\/bcn.cv\/pt_PT\/wp-content\/uploads\/2020\/06\/aviso1-640x640.jpg 640w, https:\/\/bcn.cv\/pt_PT\/wp-content\/uploads\/2020\/06\/aviso1-60x60.jpg 60w, https:\/\/bcn.cv\/pt_PT\/wp-content\/uploads\/2020\/06\/aviso1-200x200.jpg 200w\" sizes=\"(max-width: 414px) 100vw, 414px\" \/><\/figure><\/div>\n\n\n\n<p>Tendo em conta o Estado de Emerg\u00eancia decretado pelo Estado de Cabo Verde, o BCN adotou um conjunto de medidas com vista \u00e0 prote\u00e7\u00e3o dos seus clientes e colaboradores. <\/br> Sendo assim, informamos que a partir de 31 de Mar\u00e7o, 3\u00aa feira:&nbsp;<\/p>\n\n\n\n<ul><li>O hor\u00e1rio de atendimento das ag\u00eancias ser\u00e1 das 8h00 \u00e0s 12h00, de 2\u00aa a 6\u00aa feira;<\/li><li>As ag\u00eancias de Assomada e Mindelo estar\u00e3o encerradas aos s\u00e1bados;<\/li><li>O BCN Business Praia estar\u00e1 encerrado.<\/li><\/ul>\n","protected":false},"excerpt":{"rendered":"Tendo em conta o Estado de Emerg\u00eancia decretado pelo Estado de Cabo Verde, o BCN adotou um conjunto de medidas com vista \u00e0 prote\u00e7\u00e3o dos seus clientes e colaboradores. Sendo assim, informamos que a partir de 31 de Mar\u00e7o, 3\u00aa feira:&nbsp; O hor\u00e1rio de atendimento [...]","protected":false},"author":1,"featured_media":8549,"comment_status":"closed","ping_status":"closed","sticky":false,"template":"","format":"standard","meta":{"inline_featured_image":false},"categories":[1],"tags":[],"aioseo_notices":[],"_links":{"self":[{"href":"https:\/\/bcn.cv\/pt_PT\/wp-json\/wp\/v2\/posts\/8548"}],"collection":[{"href":"https:\/\/bcn.cv\/pt_PT\/wp-json\/wp\/v2\/posts"}],"about":[{"href":"https:\/\/bcn.cv\/pt_PT\/wp-json\/wp\/v2\/types\/post"}],"author":[{"embeddable":true,"href":"https:\/\/bcn.cv\/pt_PT\/wp-json\/wp\/v2\/users\/1"}],"replies":[{"embeddable":true,"href":"https:\/\/bcn.cv\/pt_PT\/wp-json\/wp\/v2\/comments?post=8548"}],"version-history":[{"count":2,"href":"https:\/\/bcn.cv\/pt_PT\/wp-json\/wp\/v2\/posts\/8548\/revisions"}],"predecessor-version":[{"id":9415,"href":"https:\/\/bcn.cv\/pt_PT\/wp-json\/wp\/v2\/posts\/8548\/revisions\/9415"}],"wp:featuredmedia":[{"embeddable":true,"href":"https:\/\/bcn.cv\/pt_PT\/wp-json\/wp\/v2\/media\/8549"}],"wp:attachment":[{"href":"https:\/\/bcn.cv\/pt_PT\/wp-json\/wp\/v2\/media?parent=8548"}],"wp:term":[{"taxonomy":"category","embeddable":true,"href":"https:\/\/bcn.cv\/pt_PT\/wp-json\/wp\/v2\/categories?post=8548"},{"taxonomy":"post_tag","embeddable":true,"href":"https:\/\/bcn.cv\/pt_PT\/wp-json\/wp\/v2\/tags?post=8548"}],"curies":[{"name":"wp","href":"https:\/\/api.w.org\/{rel}","templated":true}]}}