{"id":8537,"date":"2020-04-13T21:00:44","date_gmt":"2020-04-13T21:00:44","guid":{"rendered":"https:\/\/bcn.cv\/pt_PT\/?p=8537"},"modified":"2021-02-04T18:00:34","modified_gmt":"2021-02-04T19:00:34","slug":"covid-19-bcn-alarga-prazo-de-cartoes","status":"publish","type":"post","link":"https:\/\/bcn.cv\/pt_PT\/covid-19-bcn-alarga-prazo-de-cartoes\/","title":{"rendered":"COVID-19: BCN alarga prazo de cart\u00f5es"},"content":{"rendered":"\n<div class=\"wp-block-image\"><figure class=\"aligncenter size-large\"><img loading=\"lazy\" width=\"760\" height=\"364\" src=\"https:\/\/bcn.cv\/pt_PT\/wp-content\/uploads\/2020\/06\/Noticias_BCN_cartoes.png\" alt=\"\" class=\"wp-image-8544\" srcset=\"https:\/\/bcn.cv\/pt_PT\/wp-content\/uploads\/2020\/06\/Noticias_BCN_cartoes.png 760w, https:\/\/bcn.cv\/pt_PT\/wp-content\/uploads\/2020\/06\/Noticias_BCN_cartoes-300x144.png 300w, https:\/\/bcn.cv\/pt_PT\/wp-content\/uploads\/2020\/06\/Noticias_BCN_cartoes-640x307.png 640w, https:\/\/bcn.cv\/pt_PT\/wp-content\/uploads\/2020\/06\/Noticias_BCN_cartoes-200x96.png 200w\" sizes=\"(max-width: 760px) 100vw, 760px\" \/><\/figure><\/div>\n\n\n\n<div class=\"wp-block-group\"><div class=\"wp-block-group__inner-container\">\n<div class=\"wp-block-group\"><div class=\"wp-block-group__inner-container\">\n<p>O BCN procedeu ao alargamento do prazo de expira\u00e7\u00e3o dos cart\u00f5es de d\u00e9bito considerando as medidas de conting\u00eancia que visam minimizar o risco de propaga\u00e7\u00e3o do COVID-19 incentivando assim a redu\u00e7\u00e3o das desloca\u00e7\u00f5es \u00e0s ag\u00eancias e promovendo o uso de cart\u00f5es na realiza\u00e7\u00e3o de pagamentos de bens e servi\u00e7os, evitando a circula\u00e7\u00e3o de numer\u00e1rio.&nbsp;<\/p>\n\n\n\n<p>Assim, todos os&nbsp;<strong>cart\u00f5es de d\u00e9bito Vinti4, Visa e\/ou Mastercard<\/strong>, com&nbsp;<strong>data de expira\u00e7\u00e3o<\/strong>&nbsp;entre&nbsp;<strong>2 de Mar\u00e7o e 31 de Maio<\/strong>, ter\u00e3o o&nbsp;<strong>prazo de validade alargado<\/strong>&nbsp;para mais 3 meses.<\/p>\n\n\n\n<p>TABELA EXPLICATIVA<\/p>\n\n\n\n<figure class=\"wp-block-table\"><table><tbody><tr><td><strong>Data de expira\u00e7\u00e3o do cart\u00e3o<\/strong><\/td><td><strong>Data de expira\u00e7\u00e3o ap\u00f3s alargamento do prazo<\/strong><\/td><\/tr><tr><td>Mar\u00e7o 2020<\/td><td>30 de Junho 2020<\/td><\/tr><tr><td>Abril 2020<\/td><td>31 de Julho 2020<\/td><\/tr><tr><td>Maio 2020<\/td><td>31 de Agosto 2020<\/td><\/tr><\/tbody><\/table><\/figure>\n\n\n\n<p>Para a sua e nossa seguran\u00e7a, recomendamos que se desloque \u00e0s ag\u00eancias do BCN apenas em caso de absoluta necessidade. Recorra aos&nbsp;canais de atendimento remoto&nbsp;para obter informa\u00e7\u00f5es e realizar transa\u00e7\u00f5es, nomeadamente:<\/p>\n\n\n\n<ul><li><a href=\"https:\/\/www.bcn.cv\/suporte\/open.php\" target=\"_blank\" rel=\"noreferrer noopener\">BCN Suporte ao Cliente&nbsp;<\/a>\u2013 Informa\u00e7\u00f5es sobre a conta, processos pendentes, produtos e servi\u00e7os;<\/li><li><a href=\"https:\/\/www.bcn.cv\/pt\/index.php\/servicos\/bcn-online\/bcn-online-particulares\">BCN Online<\/a>&nbsp;<a href=\"https:\/\/bcn.cv\/pt_PT\/particulares\/servicos-abrir-conta\/bcn-online\/\">Particulares&nbsp;<\/a>e&nbsp;<a href=\"https:\/\/bcn.cv\/pt_PT\/empresas\/gestao-corrente\/bcn-online-empresas\/\">Empresas<\/a>&nbsp;\u2013 Consultas (saldo, movimentos), realiza\u00e7\u00e3o de transa\u00e7\u00f5es (transfer\u00eancias, requisi\u00e7\u00e3o de cart\u00e3o Vinti4, pagamento de servi\u00e7os, carregamento de telem\u00f3vel);<\/li><li>ATM (Caixa Autom\u00e1tico)&nbsp;\u2013&nbsp;Consultas (saldo e movimentos), realiza\u00e7\u00e3o de opera\u00e7\u00f5es (levantamentos, transfer\u00eancias, requisi\u00e7\u00e3o de cheques, pagamento de servi\u00e7os, carregamento de telem\u00f3vel).<\/li><\/ul>\n<\/div><\/div>\n<\/div><\/div>\n","protected":false},"excerpt":{"rendered":"O BCN procedeu ao alargamento do prazo de expira\u00e7\u00e3o dos cart\u00f5es de d\u00e9bito considerando as medidas de conting\u00eancia que visam minimizar o risco de propaga\u00e7\u00e3o do COVID-19 incentivando assim a redu\u00e7\u00e3o das desloca\u00e7\u00f5es \u00e0s ag\u00eancias e promovendo o uso de cart\u00f5es na realiza\u00e7\u00e3o de pagamentos [...]","protected":false},"author":1,"featured_media":8544,"comment_status":"closed","ping_status":"closed","sticky":false,"template":"","format":"standard","meta":{"inline_featured_image":false},"categories":[1],"tags":[],"aioseo_notices":[],"_links":{"self":[{"href":"https:\/\/bcn.cv\/pt_PT\/wp-json\/wp\/v2\/posts\/8537"}],"collection":[{"href":"https:\/\/bcn.cv\/pt_PT\/wp-json\/wp\/v2\/posts"}],"about":[{"href":"https:\/\/bcn.cv\/pt_PT\/wp-json\/wp\/v2\/types\/post"}],"author":[{"embeddable":true,"href":"https:\/\/bcn.cv\/pt_PT\/wp-json\/wp\/v2\/users\/1"}],"replies":[{"embeddable":true,"href":"https:\/\/bcn.cv\/pt_PT\/wp-json\/wp\/v2\/comments?post=8537"}],"version-history":[{"count":8,"href":"https:\/\/bcn.cv\/pt_PT\/wp-json\/wp\/v2\/posts\/8537\/revisions"}],"predecessor-version":[{"id":9620,"href":"https:\/\/bcn.cv\/pt_PT\/wp-json\/wp\/v2\/posts\/8537\/revisions\/9620"}],"wp:featuredmedia":[{"embeddable":true,"href":"https:\/\/bcn.cv\/pt_PT\/wp-json\/wp\/v2\/media\/8544"}],"wp:attachment":[{"href":"https:\/\/bcn.cv\/pt_PT\/wp-json\/wp\/v2\/media?parent=8537"}],"wp:term":[{"taxonomy":"category","embeddable":true,"href":"https:\/\/bcn.cv\/pt_PT\/wp-json\/wp\/v2\/categories?post=8537"},{"taxonomy":"post_tag","embeddable":true,"href":"https:\/\/bcn.cv\/pt_PT\/wp-json\/wp\/v2\/tags?post=8537"}],"curies":[{"name":"wp","href":"https:\/\/api.w.org\/{rel}","templated":true}]}}