{"id":8533,"date":"2020-04-16T21:00:46","date_gmt":"2020-04-16T21:00:46","guid":{"rendered":"https:\/\/bcn.cv\/pt_PT\/?p=8533"},"modified":"2021-02-04T17:52:49","modified_gmt":"2021-02-04T18:52:49","slug":"covid-19-linhas-de-credito-de-quatro-milhoes-de-contos-para-as-empresas","status":"publish","type":"post","link":"https:\/\/bcn.cv\/pt_PT\/covid-19-linhas-de-credito-de-quatro-milhoes-de-contos-para-as-empresas\/","title":{"rendered":"COVID-19: Linhas de cr\u00e9dito de quatro milh\u00f5es de contos para as empresas"},"content":{"rendered":"\n<div class=\"wp-block-image\"><figure class=\"aligncenter size-large\"><img loading=\"lazy\" width=\"760\" height=\"364\" src=\"https:\/\/bcn.cv\/pt_PT\/wp-content\/uploads\/2020\/06\/Noticias_BCN_credito_empresas.png\" alt=\"\" class=\"wp-image-8534\" srcset=\"https:\/\/bcn.cv\/pt_PT\/wp-content\/uploads\/2020\/06\/Noticias_BCN_credito_empresas.png 760w, https:\/\/bcn.cv\/pt_PT\/wp-content\/uploads\/2020\/06\/Noticias_BCN_credito_empresas-300x144.png 300w, https:\/\/bcn.cv\/pt_PT\/wp-content\/uploads\/2020\/06\/Noticias_BCN_credito_empresas-640x307.png 640w, https:\/\/bcn.cv\/pt_PT\/wp-content\/uploads\/2020\/06\/Noticias_BCN_credito_empresas-200x96.png 200w\" sizes=\"(max-width: 760px) 100vw, 760px\" \/><\/figure><\/div>\n\n\n\n<div class=\"wp-block-group\"><div class=\"wp-block-group__inner-container\">\n<p>O inqu\u00e9rito realizado pelo BCN sobre o Impacto do COVID-19 nas Empresas revelou que 78% dos seus clientes do segmento empresarial est\u00e3o a ser altamente impactados pela pandemia e consideram que o fen\u00f3meno continuar\u00e1 a influenciar negativamente a rendibilidade e a liquidez da empresa num horizonte temporal de 6 a 12 meses.<br><\/p>\n\n\n\n<p>Este cen\u00e1rio reflete sem d\u00favida a situa\u00e7\u00e3o que vivemos atualmente em Cabo Verde e no mundo inteiro.<br><\/p>\n\n\n\n<p>De forma a mitigar os efeitos negativos que a pandemia do coronav\u00edrus est\u00e1 ter em toda a atividade econ\u00f3mica e empresarial cabo-verdiana, o BCN, em parceria com o Governo, disponibiliza aos seus clientes quatro de linhas de cr\u00e9dito, num montante total de quatro milh\u00f5es de contos, visando proteger o emprego, apoiar as empresas e gerar rendimentos para as fam\u00edlias.<br><\/p>\n\n\n\n<p>As Linhas de Cr\u00e9dito \u00e0s Empresas, que contam com garantias do Estado entre 50% e 100% do capital financiado, t\u00eam como objectivo fundamental a disponibiliza\u00e7\u00e3o de liquidez efectiva e em tempo oportuno \u00e0s empresas que apresentam como prioridade proteger os trabalhadores, manter os postos de trabalho e o pagamento das respectivas remunera\u00e7\u00f5es, bem como manter a sua capacidade produtiva.<br><\/p>\n\n\n\n<div class=\"wp-block-group\"><div class=\"wp-block-group__inner-container\">\n<p><strong>ENTIDADES BENEFICI\u00c1RIAS<\/strong><br><\/p>\n\n\n\n<p>Todo o universo empresarial independentemente da dimens\u00e3o das empresas, sendo priorizadas pela ordem de preced\u00eancia as empresas que conservarem o maior n\u00famero de postos de trabalho.<br><\/p>\n\n\n\n<p><strong>CRIT\u00c9RIOS DE ELEGIBILIDADE<\/strong><br><\/p>\n\n\n\n<p>Para aceder \u00e0s linhas de financiamento, as empresas devem comprovar que apesar de ter havido redu\u00e7\u00e3o de receitas devido ao Covid-19 a partir de 1 de mar\u00e7o de 2020, mesmo assim mantiveram o m\u00e1ximo de postos de trabalho comparativamente ao n\u00famero total de trabalhadores em situa\u00e7\u00e3o de normalidade.<br><\/p>\n\n\n\n<p>Ser\u00e3o priorizadas, pela ordem de preced\u00eancia, as empresas que conservarem o maior n\u00famero de postos de trabalho.<\/p>\n<\/div><\/div>\n\n\n\n<p>As empresas devem verificar as seguintes condi\u00e7\u00f5es de elegibilidade:<br><\/p>\n\n\n\n<p>a) Tenham sede e exer\u00e7am a sua atividade econ\u00f3mica em Cabo Verde;<br><\/p>\n\n\n\n<p>b) N\u00e3o estejam, a 28 de mar\u00e7o, em mora ou incumprimento h\u00e1 mais de 90 dias junto do Banco e n\u00e3o se encontrem em situa\u00e7\u00e3o de insolv\u00eancia, ou suspens\u00e3o ou cess\u00e3o de pagamentos ou naquela data estejam j\u00e1 em execu\u00e7\u00e3o por qualquer institui\u00e7\u00e3o;<br><\/p>\n\n\n\n<p>c) Tenham a situa\u00e7\u00e3o regularizada junto da Autoridade Tribut\u00e1ria e Aduaneira e da Previd\u00eancia Social, n\u00e3o revelando at\u00e9 ao dia 30 de abril, para este efeito, as d\u00edvidas constitu\u00eddas no m\u00eas de mar\u00e7o de 2020.<br><\/p>\n\n\n\n<p>d) Apresentem uma situa\u00e7\u00e3o l\u00edquida positiva em dezembro de 2018 e sempre que poss\u00edvel fornecerem dados financeiros (ainda que provis\u00f3rios) relativos a 2019;<br><\/p>\n\n\n\n<p>e) Fa\u00e7am prova, de uma forma sustentada, do impacto em termos de tesouraria que a atual situa\u00e7\u00e3o gerou desde o in\u00edcio do m\u00eas de mar\u00e7o de 2020;<br><\/p>\n\n\n\n<p>f) Comprovem que nos \u00faltimos 30 dias anteriores \u00e0 data da contrata\u00e7\u00e3o da opera\u00e7\u00e3o, o volume de neg\u00f3cios da empresa se reduziu face aos 30 dias imediatamente anteriores;<br><\/p>\n\n\n\n<p>g) Fa\u00e7am prova que n\u00e3o procederam a despedimentos decorrentes da redu\u00e7\u00e3o de atividade, para al\u00e9m daqueles que potencialmente j\u00e1 poderiam estar programados (p.ex.: cessa\u00e7\u00e3o de contratos a prazo);<br><\/p>\n\n\n\n<p>h) Se compromentam em privilegiar os pagamentos por transfer\u00eancia direta atrav\u00e9s do Banco, nomeadamente de sal\u00e1rios, bem como faturas de fornecedores de servi\u00e7os, entre outros.<br><\/p>\n\n\n\n<p><strong>CONDI\u00c7\u00d5ES GERAIS COMUNS \u00c0S 4 LINHAS DE CR\u00c9DITO<\/strong><br><\/p>\n\n\n\n<figure class=\"wp-block-table\"><table><tbody><tr><td><em><strong>Financiamento m\u00e1ximo<\/strong><\/em><\/td><td>40.000.000 ECV (quarenta mil contos)<\/td><\/tr><tr><td><strong><em>Finalidade<\/em><\/strong><\/td><td>Destinado apenas ao Refor\u00e7o da Tesouraria e Fundo de Maneio, nomeadamente pagamento de sal\u00e1rio e pagamento de facturas de fornecedores<\/td><\/tr><tr><td><em><strong>Prazo de decis\u00e3o<\/strong><\/em><\/td><td>1 a 2 semanas<\/td><\/tr><tr><td><em><strong>Desembolso<\/strong><\/em><\/td><td>Integral e ou por tranches<\/td><\/tr><tr><td><em><strong>Taxa de juro<\/strong><\/em><\/td><td>N\u00e3o superior a 3%<\/td><\/tr><tr><td><em><strong>Comiss\u00e3o de abertura<\/strong><\/em><\/td><td>Conforme&nbsp;<a href=\"https:\/\/www.bcn.cv\/pt\/index.php\/precario-1\" target=\"_blank\" rel=\"noreferrer noopener\">pre\u00e7\u00e1rio<\/a>&nbsp;do Banco<\/td><\/tr><tr><td><strong><em>Outras comiss\u00f5es<\/em><\/strong><\/td><td>Eventualmente poder\u00e3o vir a ser cobradas no \u00e2mbito das garantias prestadas<\/td><\/tr><tr><td><em><strong>Per\u00edodo de car\u00eancia<\/strong><\/em><\/td><td>Per\u00edodo de car\u00eancia de capital e juros m\u00e1ximo de 6 meses<\/td><\/tr><tr><td><strong><em>Prazo de amortiza\u00e7\u00e3o<\/em><\/strong><\/td><td>4 a 6 anos<\/td><\/tr><tr><td><strong><em>Garantias do estado<\/em><\/strong><\/td><td>Garantia Financeira On First Demand entre 50% a 100% e operacionalizadas atrav\u00e9s da Pro-Garante que conjuntamente com a Pro\u2013Empresa dever\u00e1 fazer o acompanhamento da empresa financiada enquanto perdurar a garantia<\/td><\/tr><tr><td><strong><em>Garantias adicionais<\/em><\/strong><\/td><td>Em fun\u00e7\u00e3o do grau de cobertura do cr\u00e9dito pelas garantias do Estado<\/td><\/tr><tr><td><strong><em>Prazo limite para pagamento da Garantia<\/em><\/strong><\/td><td>45 dias ap\u00f3s reclama\u00e7\u00e3o<\/td><\/tr><tr><td><strong><em>Vencimento da garantia<\/em><\/strong><\/td><td>A Garantia manter-se-\u00e1 v\u00e1lida at\u00e9 a liquida\u00e7\u00e3o total do cr\u00e9dito<\/td><\/tr><\/tbody><\/table><\/figure>\n\n\n\n<p><strong>CARACTER\u00cdSTICAS PARTICULARES<\/strong><\/p>\n\n\n\n<figure class=\"wp-block-table\"><table><tbody><tr><td><em><strong>Linha de cr\u00e9ditos<\/strong><\/em>&nbsp;<\/td><td>GRANDES EMPRESAS<\/td><td>GRANDES, M\u00c9DIAS E PEQUENAS EMPRESAS<\/td><td>PEQUENAS E M\u00c9DIAS EMPRESAS<\/td><td>MICROEMPRESAS<\/td><\/tr><tr><td><strong><em>Setor de finalidade<\/em><\/strong><\/td><td>Todos os setorres<\/td><td>Turismo, Restaura\u00e7\u00e3o, Ag\u00eancias de Viagens, Anima\u00e7\u00e3o e Similares, Organiza\u00e7\u00e3o de Eventos e Servi\u00e7os Conexos e Transportes<\/td><td>Todos os setores<\/td><td>&nbsp;<\/td><\/tr><tr><td><strong><em>Montante total da linha<\/em><\/strong><\/td><td>1.000.000.000 ECV(um milh\u00e3o de contos)<\/td><td>1.000.000 ECV(um milh\u00e3o de contos)<\/td><td>1.000.000 ECV(um milh\u00e3o de contos)<\/td><td>300.000 ECV(trezentos mil contos)<\/td><\/tr><tr><td><strong><em>Montante m\u00e1ximo por empresa<\/em><\/strong><\/td><td>40.000 contos<\/td><td>20.000 contos<\/td><td>10.000 contos<\/td><td>5.000 contos<\/td><\/tr><tr><td><em><strong>Bonifica\u00e7\u00e3o da taxa de juro<\/strong><\/em><\/td><td>N\u00e3o se aplica<\/td><td>N\u00e3o se aplica<\/td><td>N\u00e3o se aplica<\/td><td>At\u00e9 50%<\/td><\/tr><tr><td><strong><em>Garantias do estado<\/em><\/strong><\/td><td>On First Demand at\u00e9 50%, para pagamento no prazo limite de 45 dias<\/td><td>On First Demand at\u00e9 80%, para pagamento no prazo limite de 45 dias<\/td><td>On First Demand at\u00e9 100%, para pagamento no prazo limite de 45 dias<\/td><td>On First Demand at\u00e9 100%, para pagamento no prazo limite de 45 dias<\/td><\/tr><\/tbody><\/table><\/figure>\n<\/div><\/div>\n","protected":false},"excerpt":{"rendered":"O inqu\u00e9rito realizado pelo BCN sobre o Impacto do COVID-19 nas Empresas revelou que 78% dos seus clientes do segmento empresarial est\u00e3o a ser altamente impactados pela pandemia e consideram que o fen\u00f3meno continuar\u00e1 a influenciar negativamente a rendibilidade e a liquidez da empresa num [...]","protected":false},"author":1,"featured_media":8534,"comment_status":"closed","ping_status":"closed","sticky":false,"template":"","format":"standard","meta":{"inline_featured_image":false},"categories":[1],"tags":[],"aioseo_notices":[],"_links":{"self":[{"href":"https:\/\/bcn.cv\/pt_PT\/wp-json\/wp\/v2\/posts\/8533"}],"collection":[{"href":"https:\/\/bcn.cv\/pt_PT\/wp-json\/wp\/v2\/posts"}],"about":[{"href":"https:\/\/bcn.cv\/pt_PT\/wp-json\/wp\/v2\/types\/post"}],"author":[{"embeddable":true,"href":"https:\/\/bcn.cv\/pt_PT\/wp-json\/wp\/v2\/users\/1"}],"replies":[{"embeddable":true,"href":"https:\/\/bcn.cv\/pt_PT\/wp-json\/wp\/v2\/comments?post=8533"}],"version-history":[{"count":5,"href":"https:\/\/bcn.cv\/pt_PT\/wp-json\/wp\/v2\/posts\/8533\/revisions"}],"predecessor-version":[{"id":9616,"href":"https:\/\/bcn.cv\/pt_PT\/wp-json\/wp\/v2\/posts\/8533\/revisions\/9616"}],"wp:featuredmedia":[{"embeddable":true,"href":"https:\/\/bcn.cv\/pt_PT\/wp-json\/wp\/v2\/media\/8534"}],"wp:attachment":[{"href":"https:\/\/bcn.cv\/pt_PT\/wp-json\/wp\/v2\/media?parent=8533"}],"wp:term":[{"taxonomy":"category","embeddable":true,"href":"https:\/\/bcn.cv\/pt_PT\/wp-json\/wp\/v2\/categories?post=8533"},{"taxonomy":"post_tag","embeddable":true,"href":"https:\/\/bcn.cv\/pt_PT\/wp-json\/wp\/v2\/tags?post=8533"}],"curies":[{"name":"wp","href":"https:\/\/api.w.org\/{rel}","templated":true}]}}