{"id":8527,"date":"2020-05-03T21:00:00","date_gmt":"2020-05-03T21:00:00","guid":{"rendered":"https:\/\/bcn.cv\/pt_PT\/?p=8527"},"modified":"2021-02-04T18:03:11","modified_gmt":"2021-02-04T19:03:11","slug":"covid-19-grupo-impar-faz-segunda-entrega-de-testes-rapidos-ao-ministerio-da-saude-e-seguranca-social","status":"publish","type":"post","link":"https:\/\/bcn.cv\/pt_PT\/covid-19-grupo-impar-faz-segunda-entrega-de-testes-rapidos-ao-ministerio-da-saude-e-seguranca-social\/","title":{"rendered":"Covid 19 &#8211; Grupo IMPAR faz segunda entrega de Testes R\u00e1pidos ao Minist\u00e9rio da Sa\u00fade e Seguran\u00e7a Social"},"content":{"rendered":"\n<div class=\"wp-block-image\"><figure class=\"aligncenter size-large\"><img loading=\"lazy\" width=\"961\" height=\"532\" src=\"https:\/\/bcn.cv\/pt_PT\/wp-content\/uploads\/2020\/06\/entrega-mascaras.jpg\" alt=\"\" class=\"wp-image-8528\" srcset=\"https:\/\/bcn.cv\/pt_PT\/wp-content\/uploads\/2020\/06\/entrega-mascaras.jpg 961w, https:\/\/bcn.cv\/pt_PT\/wp-content\/uploads\/2020\/06\/entrega-mascaras-300x166.jpg 300w, https:\/\/bcn.cv\/pt_PT\/wp-content\/uploads\/2020\/06\/entrega-mascaras-768x425.jpg 768w, https:\/\/bcn.cv\/pt_PT\/wp-content\/uploads\/2020\/06\/entrega-mascaras-640x354.jpg 640w, https:\/\/bcn.cv\/pt_PT\/wp-content\/uploads\/2020\/06\/entrega-mascaras-200x111.jpg 200w, https:\/\/bcn.cv\/pt_PT\/wp-content\/uploads\/2020\/06\/entrega-mascaras-450x250.jpg 450w\" sizes=\"(max-width: 961px) 100vw, 961px\" \/><\/figure><\/div>\n\n\n\n<div class=\"wp-block-group\"><div class=\"wp-block-group__inner-container\">\n<div class=\"wp-block-group\"><div class=\"wp-block-group__inner-container\">\n<p>COVID19: O Grupo IMPAR fez ontem, 02 de Maio, a segunda doa\u00e7\u00e3o de testes r\u00e1pidos ao Minist\u00e9rio da Sa\u00fade e Seguran\u00e7a Social, para auxiliar no diagn\u00f3stico da COVID-19, instrumento fundamental para complementar os testes de rotina e que ir\u00e1 permitir identificar os casos positivos com maior rapidez, contribuindo assim para mitigar a propaga\u00e7\u00e3o do novo corona virus.<\/p>\n\n\n\n<p>No total o GRUPO IMPAR j\u00e1 doou 1.600 testes r\u00e1pidos, sendo 800 na Cidade de Mindelo &#8211; Ilha de S\u00e3o Vicente e 800 na Cidade da Praia &#8211; Ilha de Santiago.<br>Essa a\u00e7\u00e3o est\u00e1 em linha com a estrat\u00e9gia do GRUPO IMPAR de contribuir para o desenvolvimento e bem-estar da sociedade caboverdiana.<\/p>\n\n\n\n<p>Para a sua Seguran\u00e7a e dos seus, Proteja-se ficando em casa!<\/p>\n\n\n\n<p>Veja a not\u00edcia completa atrav\u00e9s do link:<\/p>\n\n\n\n<p><a href=\"https:\/\/noticias.sapo.cv\/sociedade\/artigos\/covid-19-dns-recebe-800-testes-rapidos-para-diagnostico-do-virus-do-grupo-impar?fbclid=IwAR0GpQFtjd8baTRjy_AmpVdnIQnSGQxzsDQkbFEaf7v05c3PiyBUkXVyGWc\">https:\/\/noticias.sapo.cv\/sociedade\/artigos\/covid-19-dns-recebe-800-testes-rapidos-para-diagnostico-do-virus-do-grupo-impar?fbclid=IwAR0GpQFtjd8baTRjy_AmpVdnIQnSGQxzsDQkbFEaf7v05c3PiyBUkXVyGWc<\/a><\/p>\n\n\n\n<p><a href=\"http:\/\/www.rtc.cv\/tcv\/index.php?paginas=47&amp;id_cod=90526&amp;fbclid=IwAR2iOf3lDa1HdtVjmZfH3KVpZUsEJuSOIIlVq9Q7WmccMlrsfuc9SiSaU4c\">http:\/\/www.rtc.cv\/tcv\/index.php?paginas=47&amp;id_cod=90526&amp;fbclid=IwAR2iOf3lDa1HdtVjmZfH3KVpZUsEJuSOIIlVq9Q7WmccMlrsfuc9SiSaU4c<\/a><\/p>\n<\/div><\/div>\n<\/div><\/div>\n\n\n\n<p><a href=\"https:\/\/web.facebook.com\/hashtag\/responsabilidadesocial?source=feed_text&amp;epa=HASHTAG&amp;__xts__%5B0%5D=68.ARBa_Q8dd5jfC3lSFn3h9vJkMnAjicrQDmTLNLNDtP3ND9G13zfSC5xitnDMRgpyHyhEzi77FtziGzLoeMBhWFb56UHqJoWoagSe_LEGP7cs25CNitD_eZQ99zyGVcF6DzI0uZVAPLFqa6kVQaGxws1OO60bbyk38TtnUMOxTCW0i60nIu4sAQQrBxmgFGrDXUUkdn6cilMTjidDvbqjjZdLv2VUGJu13U7sNtk-ck299j_9BwBLPseAvUkAqlCosqLsoJcnJIHFFSDq3T04QX_XppZrmBG0gO5GWqMz0JVX-oEYBAJPBjt8ojZmK9b2OA1QNhLq_wXOiBZe3Hu4Jt8&amp;__tn__=%2ANK-R\">#responsabilidadesocial<\/a>&nbsp;<a href=\"https:\/\/web.facebook.com\/hashtag\/solidariedade?source=feed_text&amp;epa=HASHTAG&amp;__xts__%5B0%5D=68.ARBa_Q8dd5jfC3lSFn3h9vJkMnAjicrQDmTLNLNDtP3ND9G13zfSC5xitnDMRgpyHyhEzi77FtziGzLoeMBhWFb56UHqJoWoagSe_LEGP7cs25CNitD_eZQ99zyGVcF6DzI0uZVAPLFqa6kVQaGxws1OO60bbyk38TtnUMOxTCW0i60nIu4sAQQrBxmgFGrDXUUkdn6cilMTjidDvbqjjZdLv2VUGJu13U7sNtk-ck299j_9BwBLPseAvUkAqlCosqLsoJcnJIHFFSDq3T04QX_XppZrmBG0gO5GWqMz0JVX-oEYBAJPBjt8ojZmK9b2OA1QNhLq_wXOiBZe3Hu4Jt8&amp;__tn__=%2ANK-R\">#solidariedade<\/a>&nbsp;<a href=\"https:\/\/web.facebook.com\/hashtag\/djuntamon?source=feed_text&amp;epa=HASHTAG&amp;__xts__%5B0%5D=68.ARBa_Q8dd5jfC3lSFn3h9vJkMnAjicrQDmTLNLNDtP3ND9G13zfSC5xitnDMRgpyHyhEzi77FtziGzLoeMBhWFb56UHqJoWoagSe_LEGP7cs25CNitD_eZQ99zyGVcF6DzI0uZVAPLFqa6kVQaGxws1OO60bbyk38TtnUMOxTCW0i60nIu4sAQQrBxmgFGrDXUUkdn6cilMTjidDvbqjjZdLv2VUGJu13U7sNtk-ck299j_9BwBLPseAvUkAqlCosqLsoJcnJIHFFSDq3T04QX_XppZrmBG0gO5GWqMz0JVX-oEYBAJPBjt8ojZmK9b2OA1QNhLq_wXOiBZe3Hu4Jt8&amp;__tn__=%2ANK-R\">#djuntamon<\/a>&nbsp;<a href=\"https:\/\/web.facebook.com\/hashtag\/grupoimpar?source=feed_text&amp;epa=HASHTAG&amp;__xts__%5B0%5D=68.ARBa_Q8dd5jfC3lSFn3h9vJkMnAjicrQDmTLNLNDtP3ND9G13zfSC5xitnDMRgpyHyhEzi77FtziGzLoeMBhWFb56UHqJoWoagSe_LEGP7cs25CNitD_eZQ99zyGVcF6DzI0uZVAPLFqa6kVQaGxws1OO60bbyk38TtnUMOxTCW0i60nIu4sAQQrBxmgFGrDXUUkdn6cilMTjidDvbqjjZdLv2VUGJu13U7sNtk-ck299j_9BwBLPseAvUkAqlCosqLsoJcnJIHFFSDq3T04QX_XppZrmBG0gO5GWqMz0JVX-oEYBAJPBjt8ojZmK9b2OA1QNhLq_wXOiBZe3Hu4Jt8&amp;__tn__=%2ANK-R\">#grupoimpar<\/a>&nbsp;<a href=\"https:\/\/web.facebook.com\/hashtag\/fikanacasa?source=feed_text&amp;epa=HASHTAG&amp;__xts__%5B0%5D=68.ARBa_Q8dd5jfC3lSFn3h9vJkMnAjicrQDmTLNLNDtP3ND9G13zfSC5xitnDMRgpyHyhEzi77FtziGzLoeMBhWFb56UHqJoWoagSe_LEGP7cs25CNitD_eZQ99zyGVcF6DzI0uZVAPLFqa6kVQaGxws1OO60bbyk38TtnUMOxTCW0i60nIu4sAQQrBxmgFGrDXUUkdn6cilMTjidDvbqjjZdLv2VUGJu13U7sNtk-ck299j_9BwBLPseAvUkAqlCosqLsoJcnJIHFFSDq3T04QX_XppZrmBG0gO5GWqMz0JVX-oEYBAJPBjt8ojZmK9b2OA1QNhLq_wXOiBZe3Hu4Jt8&amp;__tn__=%2ANK-R\">#fikanacasa<\/a><\/p>\n","protected":false},"excerpt":{"rendered":"COVID19: O Grupo IMPAR fez ontem, 02 de Maio, a segunda doa\u00e7\u00e3o de testes r\u00e1pidos ao Minist\u00e9rio da Sa\u00fade e Seguran\u00e7a Social, para auxiliar no diagn\u00f3stico da COVID-19, instrumento fundamental para complementar os testes de rotina e que ir\u00e1 permitir identificar os casos positivos com [...]","protected":false},"author":1,"featured_media":8583,"comment_status":"closed","ping_status":"closed","sticky":false,"template":"","format":"standard","meta":{"inline_featured_image":false},"categories":[1],"tags":[],"aioseo_notices":[],"_links":{"self":[{"href":"https:\/\/bcn.cv\/pt_PT\/wp-json\/wp\/v2\/posts\/8527"}],"collection":[{"href":"https:\/\/bcn.cv\/pt_PT\/wp-json\/wp\/v2\/posts"}],"about":[{"href":"https:\/\/bcn.cv\/pt_PT\/wp-json\/wp\/v2\/types\/post"}],"author":[{"embeddable":true,"href":"https:\/\/bcn.cv\/pt_PT\/wp-json\/wp\/v2\/users\/1"}],"replies":[{"embeddable":true,"href":"https:\/\/bcn.cv\/pt_PT\/wp-json\/wp\/v2\/comments?post=8527"}],"version-history":[{"count":4,"href":"https:\/\/bcn.cv\/pt_PT\/wp-json\/wp\/v2\/posts\/8527\/revisions"}],"predecessor-version":[{"id":9622,"href":"https:\/\/bcn.cv\/pt_PT\/wp-json\/wp\/v2\/posts\/8527\/revisions\/9622"}],"wp:featuredmedia":[{"embeddable":true,"href":"https:\/\/bcn.cv\/pt_PT\/wp-json\/wp\/v2\/media\/8583"}],"wp:attachment":[{"href":"https:\/\/bcn.cv\/pt_PT\/wp-json\/wp\/v2\/media?parent=8527"}],"wp:term":[{"taxonomy":"category","embeddable":true,"href":"https:\/\/bcn.cv\/pt_PT\/wp-json\/wp\/v2\/categories?post=8527"},{"taxonomy":"post_tag","embeddable":true,"href":"https:\/\/bcn.cv\/pt_PT\/wp-json\/wp\/v2\/tags?post=8527"}],"curies":[{"name":"wp","href":"https:\/\/api.w.org\/{rel}","templated":true}]}}