{"id":2892,"date":"2018-11-20T21:00:00","date_gmt":"2018-11-20T21:00:00","guid":{"rendered":"https:\/\/bcn.cv\/pt_PT\/?p=2892"},"modified":"2021-02-04T17:00:24","modified_gmt":"2021-02-04T18:00:24","slug":"bcn-assina-protocolo-com-as-camaras-do-comercio","status":"publish","type":"post","link":"https:\/\/bcn.cv\/pt_PT\/bcn-assina-protocolo-com-as-camaras-do-comercio\/","title":{"rendered":"BCN assina Protocolo com as C\u00e2maras do Com\u00e9rcio"},"content":{"rendered":"\n<div class=\"wp-block-image\"><figure class=\"aligncenter size-large\"><img loading=\"lazy\" width=\"432\" height=\"273\" src=\"https:\/\/bcn.cv\/pt_PT\/wp-content\/uploads\/2019\/06\/carto_do_empresario-2.png\" alt=\"\" class=\"wp-image-2898\" srcset=\"https:\/\/bcn.cv\/pt_PT\/wp-content\/uploads\/2019\/06\/carto_do_empresario-2.png 432w, https:\/\/bcn.cv\/pt_PT\/wp-content\/uploads\/2019\/06\/carto_do_empresario-2-300x190.png 300w, https:\/\/bcn.cv\/pt_PT\/wp-content\/uploads\/2019\/06\/carto_do_empresario-2-200x126.png 200w\" sizes=\"(max-width: 432px) 100vw, 432px\" \/><\/figure><\/div>\n\n\n\n<p>&nbsp;BCN assinou \u00e0s 11h00 do passado dia 15 de Novembro de 2018 um protocolo de parceria com a C\u00e2mara do Com\u00e9rcio do Norte de Cabo Verde e com a C\u00e2mara do Com\u00e9rcio, Ind\u00fastria e Servi\u00e7os de Sotavento.<\/br>\nO acto de assinatura do protocolo decorreu na sede da C\u00e2mara do Com\u00e9rcio, Ind\u00fastria e Servi\u00e7os de Sotavento, na cidade da Praia.<\/br>\nEsta parceria tem como finalidades a emiss\u00e3o do novo&nbsp; Cart\u00e3o do Empres\u00e1rio para os associados das C\u00e2maras do Com\u00e9rcio e a atribui\u00e7\u00e3o de condi\u00e7\u00f5es especiais de pre\u00e7\u00e1rio, tanto as para as C\u00e2maras de Com\u00e9rcio como para os Empres\u00e1rios, em produtos e servi\u00e7os do BCN.<\/br>\nO&nbsp;<a href=\"https:\/\/bcn.cv\/pt_PT\/particulares\/cartoes-abrir-conta\/cartao-do-empresario\/\">Cart\u00e3o do Empres\u00e1rio<\/a>, por sua vez, traduz-se num cart\u00e3o de D\u00e9bito Mastercard que ter\u00e1 como fun\u00e7\u00f5es identificar o seu portador como um associado das C\u00e2maras do Com\u00e9rcio, conceder descontos&nbsp;na subscri\u00e7\u00e3o de servi\u00e7os da IMPAR Seguros e dar acesso a um conjunto de benef\u00edcios exclusivos, em Cabo Verde e no estrangeiro.<\/p>\n\n\n\n<p><\/p>\n","protected":false},"excerpt":{"rendered":"&nbsp;BCN assinou \u00e0s 11h00 do passado dia 15 de Novembro de 2018 um protocolo de parceria com a C\u00e2mara do Com\u00e9rcio do Norte de Cabo Verde e com a C\u00e2mara do Com\u00e9rcio, Ind\u00fastria e Servi\u00e7os de Sotavento. O acto de assinatura do protocolo decorreu na [...]","protected":false},"author":3,"featured_media":0,"comment_status":"closed","ping_status":"closed","sticky":false,"template":"","format":"standard","meta":{"inline_featured_image":false},"categories":[1],"tags":[],"aioseo_notices":[],"_links":{"self":[{"href":"https:\/\/bcn.cv\/pt_PT\/wp-json\/wp\/v2\/posts\/2892"}],"collection":[{"href":"https:\/\/bcn.cv\/pt_PT\/wp-json\/wp\/v2\/posts"}],"about":[{"href":"https:\/\/bcn.cv\/pt_PT\/wp-json\/wp\/v2\/types\/post"}],"author":[{"embeddable":true,"href":"https:\/\/bcn.cv\/pt_PT\/wp-json\/wp\/v2\/users\/3"}],"replies":[{"embeddable":true,"href":"https:\/\/bcn.cv\/pt_PT\/wp-json\/wp\/v2\/comments?post=2892"}],"version-history":[{"count":10,"href":"https:\/\/bcn.cv\/pt_PT\/wp-json\/wp\/v2\/posts\/2892\/revisions"}],"predecessor-version":[{"id":9585,"href":"https:\/\/bcn.cv\/pt_PT\/wp-json\/wp\/v2\/posts\/2892\/revisions\/9585"}],"wp:attachment":[{"href":"https:\/\/bcn.cv\/pt_PT\/wp-json\/wp\/v2\/media?parent=2892"}],"wp:term":[{"taxonomy":"category","embeddable":true,"href":"https:\/\/bcn.cv\/pt_PT\/wp-json\/wp\/v2\/categories?post=2892"},{"taxonomy":"post_tag","embeddable":true,"href":"https:\/\/bcn.cv\/pt_PT\/wp-json\/wp\/v2\/tags?post=2892"}],"curies":[{"name":"wp","href":"https:\/\/api.w.org\/{rel}","templated":true}]}}